[{"@context":"https:\/\/schema.org\/","@type":"Blog","@id":"https:\/\/www.theitem.cz#Blog","headline":"Theitem","description":"\nHled\u00e1te n\u011bjakou internetovou str\u00e1nku, kde spln\u00ed v\u0161e, co v\u00e1m na n\u00ed sl\u00edb\u00ed? Pak jste pr\u00e1v\u011b na t\u00e9 na\u0161\u00ed na t\u00e9 mo\u017en\u00e1 naprosto nejspr\u00e1vn\u011bj\u0161\u00ed adrese.","url":"https:\/\/www.theitem.cz","hasPart":[{"@type":"Article","@id":"https:\/\/www.theitem.cz\/pravidla-pro-bezpecne-vyuzivani-party-stanu\/","headline":"Pravidla pro bezpe\u010dn\u00e9 vyu\u017e\u00edv\u00e1n\u00ed party stan\u016f","url":"https:\/\/www.theitem.cz\/pravidla-pro-bezpecne-vyuzivani-party-stanu\/","datePublished":"2026-07-14","dateModified":"2026-07-14","mainEntityOfPage":"https:\/\/www.theitem.cz\/pravidla-pro-bezpecne-vyuzivani-party-stanu\/","author":{"@type":"Person","@id":"https:\/\/www.theitem.cz\/author\/#Person","name":"","url":"https:\/\/www.theitem.cz\/author\/","identifier":1,"image":{"@type":"ImageObject","@id":"https:\/\/secure.gravatar.com\/avatar\/a231d13c7dfc9c75f2343f864438f5ab9c0bfebd1aa37dfd3bb16118c04f838c?s=96&d=mm&r=g","url":"https:\/\/secure.gravatar.com\/avatar\/a231d13c7dfc9c75f2343f864438f5ab9c0bfebd1aa37dfd3bb16118c04f838c?s=96&d=mm&r=g","height":96,"width":96}},"publisher":{"@type":"Organization","name":"theitem.cz","logo":{"@type":"ImageObject","@id":"\/logo.png","url":"\/logo.png","width":600,"height":60}},"image":{"@type":"ImageObject","@id":"https:\/\/www.theitem.cz\/wp-content\/uploads\/pexels-jonathanborba-37958130.jpg","url":"https:\/\/www.theitem.cz\/wp-content\/uploads\/pexels-jonathanborba-37958130.jpg","height":0,"width":0},"wordCount":555,"keywords":null},{"@type":"Article","@id":"https:\/\/www.theitem.cz\/libi-se-mi-pergoly\/","headline":"L\u00edb\u00ed se mi pergoly","url":"https:\/\/www.theitem.cz\/libi-se-mi-pergoly\/","datePublished":"2026-07-04","dateModified":"2026-07-04","mainEntityOfPage":"https:\/\/www.theitem.cz\/libi-se-mi-pergoly\/","author":{"@type":"Person","@id":"https:\/\/www.theitem.cz\/author\/#Person","name":"","url":"https:\/\/www.theitem.cz\/author\/","identifier":1,"image":{"@type":"ImageObject","@id":"https:\/\/secure.gravatar.com\/avatar\/a231d13c7dfc9c75f2343f864438f5ab9c0bfebd1aa37dfd3bb16118c04f838c?s=96&d=mm&r=g","url":"https:\/\/secure.gravatar.com\/avatar\/a231d13c7dfc9c75f2343f864438f5ab9c0bfebd1aa37dfd3bb16118c04f838c?s=96&d=mm&r=g","height":96,"width":96}},"publisher":{"@type":"Organization","name":"theitem.cz","logo":{"@type":"ImageObject","@id":"\/logo.png","url":"\/logo.png","width":600,"height":60}},"image":{"@type":"ImageObject","@id":"https:\/\/www.theitem.cz\/wp-content\/uploads\/pergola_10_10_2.jpg","url":"https:\/\/www.theitem.cz\/wp-content\/uploads\/pergola_10_10_2.jpg","height":0,"width":0},"wordCount":519,"keywords":null},{"@type":"Article","@id":"https:\/\/www.theitem.cz\/rukavice-kari-traa-kari-johanne-bych-oblekl-i-ja\/","headline":"Rukavice Kari Traa Kari Johanne bych obl\u00e9kl i j\u00e1","url":"https:\/\/www.theitem.cz\/rukavice-kari-traa-kari-johanne-bych-oblekl-i-ja\/","datePublished":"2026-06-01","dateModified":"2026-06-01","mainEntityOfPage":"https:\/\/www.theitem.cz\/rukavice-kari-traa-kari-johanne-bych-oblekl-i-ja\/","author":{"@type":"Person","@id":"https:\/\/www.theitem.cz\/author\/#Person","name":"","url":"https:\/\/www.theitem.cz\/author\/","identifier":1,"image":{"@type":"ImageObject","@id":"https:\/\/secure.gravatar.com\/avatar\/a231d13c7dfc9c75f2343f864438f5ab9c0bfebd1aa37dfd3bb16118c04f838c?s=96&d=mm&r=g","url":"https:\/\/secure.gravatar.com\/avatar\/a231d13c7dfc9c75f2343f864438f5ab9c0bfebd1aa37dfd3bb16118c04f838c?s=96&d=mm&r=g","height":96,"width":96}},"publisher":{"@type":"Organization","name":"theitem.cz","logo":{"@type":"ImageObject","@id":"\/logo.png","url":"\/logo.png","width":600,"height":60}},"image":{"@type":"ImageObject","@id":"https:\/\/www.theitem.cz\/wp-content\/uploads\/up-free-man-498473_640_2.jpg","url":"https:\/\/www.theitem.cz\/wp-content\/uploads\/up-free-man-498473_640_2.jpg","height":0,"width":0},"wordCount":593,"keywords":null},{"@type":"Article","@id":"https:\/\/www.theitem.cz\/plavani-v-mori-neni-totez-co-plavani-v-bazenu\/","headline":"Plav\u00e1n\u00ed v mo\u0159i nen\u00ed tot\u00e9\u017e, co plav\u00e1n\u00ed v baz\u00e9nu","url":"https:\/\/www.theitem.cz\/plavani-v-mori-neni-totez-co-plavani-v-bazenu\/","datePublished":"2026-05-19","dateModified":"2026-05-19","mainEntityOfPage":"https:\/\/www.theitem.cz\/plavani-v-mori-neni-totez-co-plavani-v-bazenu\/","author":{"@type":"Person","@id":"https:\/\/www.theitem.cz\/author\/#Person","name":"","url":"https:\/\/www.theitem.cz\/author\/","identifier":1,"image":{"@type":"ImageObject","@id":"https:\/\/secure.gravatar.com\/avatar\/a231d13c7dfc9c75f2343f864438f5ab9c0bfebd1aa37dfd3bb16118c04f838c?s=96&d=mm&r=g","url":"https:\/\/secure.gravatar.com\/avatar\/a231d13c7dfc9c75f2343f864438f5ab9c0bfebd1aa37dfd3bb16118c04f838c?s=96&d=mm&r=g","height":96,"width":96}},"publisher":{"@type":"Organization","name":"theitem.cz","logo":{"@type":"ImageObject","@id":"\/logo.png","url":"\/logo.png","width":600,"height":60}},"image":{"@type":"ImageObject","@id":"https:\/\/www.theitem.cz\/wp-content\/uploads\/blue-1839757_640_10_2.jpg","url":"https:\/\/www.theitem.cz\/wp-content\/uploads\/blue-1839757_640_10_2.jpg","height":0,"width":0},"wordCount":631,"keywords":null},{"@type":"Article","@id":"https:\/\/www.theitem.cz\/pujcky-nas-mohou-zachranit\/","headline":"P\u016fj\u010dky n\u00e1s mohou zachr\u00e1nit","url":"https:\/\/www.theitem.cz\/pujcky-nas-mohou-zachranit\/","datePublished":"2026-05-10","dateModified":"2026-05-10","mainEntityOfPage":"https:\/\/www.theitem.cz\/pujcky-nas-mohou-zachranit\/","author":{"@type":"Person","@id":"https:\/\/www.theitem.cz\/author\/#Person","name":"","url":"https:\/\/www.theitem.cz\/author\/","identifier":1,"image":{"@type":"ImageObject","@id":"https:\/\/secure.gravatar.com\/avatar\/a231d13c7dfc9c75f2343f864438f5ab9c0bfebd1aa37dfd3bb16118c04f838c?s=96&d=mm&r=g","url":"https:\/\/secure.gravatar.com\/avatar\/a231d13c7dfc9c75f2343f864438f5ab9c0bfebd1aa37dfd3bb16118c04f838c?s=96&d=mm&r=g","height":96,"width":96}},"publisher":{"@type":"Organization","name":"theitem.cz","logo":{"@type":"ImageObject","@id":"\/logo.png","url":"\/logo.png","width":600,"height":60}},"image":{"@type":"ImageObject","@id":"https:\/\/www.theitem.cz\/wp-content\/uploads\/ppppp_10_10_10_10_10_10_10_3.jpg","url":"https:\/\/www.theitem.cz\/wp-content\/uploads\/ppppp_10_10_10_10_10_10_10_3.jpg","height":0,"width":0},"wordCount":633,"keywords":null},{"@type":"Article","@id":"https:\/\/www.theitem.cz\/kdyz-zisky-poklesnou\/","headline":"Kdy\u017e zisky poklesnou","url":"https:\/\/www.theitem.cz\/kdyz-zisky-poklesnou\/","datePublished":"2026-04-05","dateModified":"2026-04-05","mainEntityOfPage":"https:\/\/www.theitem.cz\/kdyz-zisky-poklesnou\/","author":{"@type":"Person","@id":"https:\/\/www.theitem.cz\/author\/#Person","name":"","url":"https:\/\/www.theitem.cz\/author\/","identifier":1,"image":{"@type":"ImageObject","@id":"https:\/\/secure.gravatar.com\/avatar\/a231d13c7dfc9c75f2343f864438f5ab9c0bfebd1aa37dfd3bb16118c04f838c?s=96&d=mm&r=g","url":"https:\/\/secure.gravatar.com\/avatar\/a231d13c7dfc9c75f2343f864438f5ab9c0bfebd1aa37dfd3bb16118c04f838c?s=96&d=mm&r=g","height":96,"width":96}},"publisher":{"@type":"Organization","name":"theitem.cz","logo":{"@type":"ImageObject","@id":"\/logo.png","url":"\/logo.png","width":600,"height":60}},"image":{"@type":"ImageObject","@id":"https:\/\/www.theitem.cz\/wp-content\/uploads\/ppppppppppppppppppppppppppppppppppppppppppppppppppppppppppppppppp_10_7.jpg","url":"https:\/\/www.theitem.cz\/wp-content\/uploads\/ppppppppppppppppppppppppppppppppppppppppppppppppppppppppppppppppp_10_7.jpg","height":0,"width":0},"wordCount":595,"keywords":null},{"@type":"Article","@id":"https:\/\/www.theitem.cz\/akce-pro-firmy\/","headline":"Akce pro firmy","url":"https:\/\/www.theitem.cz\/akce-pro-firmy\/","datePublished":"2026-01-18","dateModified":"2026-01-18","mainEntityOfPage":"https:\/\/www.theitem.cz\/akce-pro-firmy\/","author":{"@type":"Person","@id":"https:\/\/www.theitem.cz\/author\/#Person","name":"","url":"https:\/\/www.theitem.cz\/author\/","identifier":1,"image":{"@type":"ImageObject","@id":"https:\/\/secure.gravatar.com\/avatar\/a231d13c7dfc9c75f2343f864438f5ab9c0bfebd1aa37dfd3bb16118c04f838c?s=96&d=mm&r=g","url":"https:\/\/secure.gravatar.com\/avatar\/a231d13c7dfc9c75f2343f864438f5ab9c0bfebd1aa37dfd3bb16118c04f838c?s=96&d=mm&r=g","height":96,"width":96}},"publisher":{"@type":"Organization","name":"theitem.cz","logo":{"@type":"ImageObject","@id":"\/logo.png","url":"\/logo.png","width":600,"height":60}},"image":{"@type":"ImageObject","@id":"https:\/\/www.theitem.cz\/wp-content\/uploads\/fill1970-a-restaurant-3136935_640.jpg","url":"https:\/\/www.theitem.cz\/wp-content\/uploads\/fill1970-a-restaurant-3136935_640.jpg","height":0,"width":0},"wordCount":586,"keywords":null},{"@type":"Article","@id":"https:\/\/www.theitem.cz\/stehovani-do-nemecka-do-horske-oblasti\/","headline":"St\u011bhov\u00e1n\u00ed do N\u011bmecka do horsk\u00e9 oblasti","url":"https:\/\/www.theitem.cz\/stehovani-do-nemecka-do-horske-oblasti\/","datePublished":"2026-01-08","dateModified":"2026-01-08","mainEntityOfPage":"https:\/\/www.theitem.cz\/stehovani-do-nemecka-do-horske-oblasti\/","author":{"@type":"Person","@id":"https:\/\/www.theitem.cz\/author\/#Person","name":"","url":"https:\/\/www.theitem.cz\/author\/","identifier":1,"image":{"@type":"ImageObject","@id":"https:\/\/secure.gravatar.com\/avatar\/a231d13c7dfc9c75f2343f864438f5ab9c0bfebd1aa37dfd3bb16118c04f838c?s=96&d=mm&r=g","url":"https:\/\/secure.gravatar.com\/avatar\/a231d13c7dfc9c75f2343f864438f5ab9c0bfebd1aa37dfd3bb16118c04f838c?s=96&d=mm&r=g","height":96,"width":96}},"publisher":{"@type":"Organization","name":"theitem.cz","logo":{"@type":"ImageObject","@id":"\/logo.png","url":"\/logo.png","width":600,"height":60}},"image":{"@type":"ImageObject","@id":"https:\/\/www.theitem.cz\/wp-content\/uploads\/noelsch-architecture-4468573_640.jpg","url":"https:\/\/www.theitem.cz\/wp-content\/uploads\/noelsch-architecture-4468573_640.jpg","height":0,"width":0},"wordCount":661,"keywords":null},{"@type":"Article","@id":"https:\/\/www.theitem.cz\/caj-ci-kavu-pro-zahrati\/","headline":"\u010caj \u010di k\u00e1vu pro zah\u0159\u00e1t\u00ed?","url":"https:\/\/www.theitem.cz\/caj-ci-kavu-pro-zahrati\/","datePublished":"2025-12-20","dateModified":"2025-12-20","mainEntityOfPage":"https:\/\/www.theitem.cz\/caj-ci-kavu-pro-zahrati\/","author":{"@type":"Person","@id":"https:\/\/www.theitem.cz\/author\/#Person","name":"","url":"https:\/\/www.theitem.cz\/author\/","identifier":1,"image":{"@type":"ImageObject","@id":"https:\/\/secure.gravatar.com\/avatar\/a231d13c7dfc9c75f2343f864438f5ab9c0bfebd1aa37dfd3bb16118c04f838c?s=96&d=mm&r=g","url":"https:\/\/secure.gravatar.com\/avatar\/a231d13c7dfc9c75f2343f864438f5ab9c0bfebd1aa37dfd3bb16118c04f838c?s=96&d=mm&r=g","height":96,"width":96}},"publisher":{"@type":"Organization","name":"theitem.cz","logo":{"@type":"ImageObject","@id":"\/logo.png","url":"\/logo.png","width":600,"height":60}},"image":{"@type":"ImageObject","@id":"https:\/\/www.theitem.cz\/wp-content\/uploads\/teacup-7526022_640_4.jpg","url":"https:\/\/www.theitem.cz\/wp-content\/uploads\/teacup-7526022_640_4.jpg","height":0,"width":0},"wordCount":548,"keywords":null},{"@type":"Article","@id":"https:\/\/www.theitem.cz\/obleceni-pro-miminka\/","headline":"Oble\u010den\u00ed pro miminka","url":"https:\/\/www.theitem.cz\/obleceni-pro-miminka\/","datePublished":"2025-11-28","dateModified":"2025-11-28","mainEntityOfPage":"https:\/\/www.theitem.cz\/obleceni-pro-miminka\/","author":{"@type":"Person","@id":"https:\/\/www.theitem.cz\/author\/#Person","name":"","url":"https:\/\/www.theitem.cz\/author\/","identifier":1,"image":{"@type":"ImageObject","@id":"https:\/\/secure.gravatar.com\/avatar\/a231d13c7dfc9c75f2343f864438f5ab9c0bfebd1aa37dfd3bb16118c04f838c?s=96&d=mm&r=g","url":"https:\/\/secure.gravatar.com\/avatar\/a231d13c7dfc9c75f2343f864438f5ab9c0bfebd1aa37dfd3bb16118c04f838c?s=96&d=mm&r=g","height":96,"width":96}},"publisher":{"@type":"Organization","name":"theitem.cz","logo":{"@type":"ImageObject","@id":"\/logo.png","url":"\/logo.png","width":600,"height":60}},"image":{"@type":"ImageObject","@id":"https:\/\/www.theitem.cz\/wp-content\/uploads\/baby-8061294_640.jpg","url":"https:\/\/www.theitem.cz\/wp-content\/uploads\/baby-8061294_640.jpg","height":0,"width":0},"wordCount":502,"keywords":null}]},{"@context":"https:\/\/schema.org","@type":"WebSite","@id":"https:\/\/www.theitem.cz\/#website","name":"Theitem","url":"https:\/\/www.theitem.cz","potentialAction":{"@type":"SearchAction","target":"https:\/\/www.theitem.cz\/?s={search_term_string}","query-input":"required name=search_term_string"}}]