[{"@context":"https:\/\/schema.org\/","@type":"Article","@id":"https:\/\/www.theitem.cz\/jak-si-poradit-v-malem-byte\/#Article","mainEntityOfPage":"https:\/\/www.theitem.cz\/jak-si-poradit-v-malem-byte\/","headline":"Jak si poradit v mal\u00e9m byt\u011b","name":"Jak si poradit v mal\u00e9m byt\u011b","description":"Mal\u00fd byt nemus\u00ed b\u00fdt nutn\u011b uzav\u0159enou st\u00edsn\u011bnou k\u00f3j\u00ed. N\u011bkter\u00fdm lidem dokonce men\u0161\u00ed prostory vyhovuj\u00ed, c\u00edt\u00ed se v\u00a0nich p\u0159\u00edjemn\u011b, pokud jsou \u00fatuln\u00e9 a z\u00e1rove\u0148 praktick\u00e9. Na co bychom v\u0161ak m\u011bli db\u00e1t, abychom si takov\u00e9 bydlen\u00ed zp\u0159\u00edjemnili? Srdcem bytu je v\u017edy ob\u00fdvac\u00ed pokoj P\u0159i um\u00edst\u011bn\u00ed sedac\u00ed soupravy v\u00a0ob\u00fdvac\u00edm pokoji bychom m\u011bli pamatovat na t\u011blesnou ergonomii. Odborn\u00edci stanovili, [&hellip;]","datePublished":"2025-03-04","dateModified":"2023-05-03","author":{"@type":"Person","@id":"https:\/\/www.theitem.cz\/author\/#Person","name":"","url":"https:\/\/www.theitem.cz\/author\/","identifier":1,"image":{"@type":"ImageObject","@id":"https:\/\/secure.gravatar.com\/avatar\/a231d13c7dfc9c75f2343f864438f5ab9c0bfebd1aa37dfd3bb16118c04f838c?s=96&d=mm&r=g","url":"https:\/\/secure.gravatar.com\/avatar\/a231d13c7dfc9c75f2343f864438f5ab9c0bfebd1aa37dfd3bb16118c04f838c?s=96&d=mm&r=g","height":96,"width":96}},"publisher":{"@type":"Organization","name":"theitem.cz","logo":{"@type":"ImageObject","@id":"\/logo.png","url":"\/logo.png","width":600,"height":60}},"image":{"@type":"ImageObject","@id":"https:\/\/www.theitem.cz\/wp-content\/uploads\/img_a328473_w2647_t1540734304.jpg","url":"https:\/\/www.theitem.cz\/wp-content\/uploads\/img_a328473_w2647_t1540734304.jpg","height":0,"width":0},"url":"https:\/\/www.theitem.cz\/jak-si-poradit-v-malem-byte\/","about":["D\u016fm a byt"],"wordCount":445,"articleBody":"Mal\u00fd byt nemus\u00ed b\u00fdt nutn\u011b uzav\u0159enou st\u00edsn\u011bnou k\u00f3j\u00ed. N\u011bkter\u00fdm lidem dokonce men\u0161\u00ed prostory vyhovuj\u00ed, c\u00edt\u00ed se v\u00a0nich p\u0159\u00edjemn\u011b, pokud jsou \u00fatuln\u00e9 a z\u00e1rove\u0148 praktick\u00e9. Na co bychom v\u0161ak m\u011bli db\u00e1t, abychom si takov\u00e9 bydlen\u00ed zp\u0159\u00edjemnili?\tSrdcem bytu je v\u017edy ob\u00fdvac\u00ed pokojP\u0159i um\u00edst\u011bn\u00ed sedac\u00ed soupravy v\u00a0ob\u00fdvac\u00edm pokoji bychom m\u011bli pamatovat na t\u011blesnou ergonomii. Odborn\u00edci stanovili, \u017ee optim\u00e1ln\u00ed podlahov\u00e1 d\u00e9lka, kterou zauj\u00edm\u00e1 sed\u00edc\u00ed \u010dlov\u011bk v\u00a0k\u0159esle nebo na pohovce, je zhruba 135 cm. Teprve od t\u00e9to vzd\u00e1lenosti byste m\u011bli m\u00edt um\u00edst\u011bn konferen\u010dn\u00ed stolek a dal\u0161\u00ed n\u00e1bytek. Ide\u00e1ln\u00ed vzd\u00e1lenost konferen\u010dn\u00edho stolku od k\u0159esla \u010di seda\u010dky je 30 \u2013 40 cm.Mal\u00e1 plocha ob\u00fdvac\u00edho pokoje vy\u017eaduje \u00fasporn\u00e1 \u0159e\u0161en\u00ed, ale existuj\u00ed ur\u010dit\u00e1 omezen\u00ed, s\u00a0nimi\u017e nelze p\u0159\u00edli\u0161 flexibiln\u011b operovat. Jedn\u00edm z\u00a0nich jsou okna. M\u011bli byste si p\u0159edem ujasnit, kter\u00e1 z\u00a0nich se budou otev\u00edrat nej\u010dast\u011bji, a tento prostor by nem\u011bl b\u00fdt zastav\u011bn n\u00e1bytkem, stejn\u011b tak parapet mus\u00ed b\u00fdt voln\u00fd.Rodiny s\u00a0mal\u00fdmi d\u011btmi mus\u00ed pamatovat na jejich bezpe\u010dnost a um\u00edstit t\u011b\u017ek\u00e9 a nebezpe\u010dn\u00e9 p\u0159edm\u011bty, kter\u00e9 by jim mohly ubl\u00ed\u017eit, z\u00a0jejich dosahu, nejl\u00e9pe do uzamykateln\u00fdch sk\u0159\u00edn\u00ed nebo vitr\u00edn. To plat\u00ed i o robustn\u00edch v\u00e1z\u00e1ch a dekorativn\u00edm porcel\u00e1nu a keramice, kter\u00e1 by se mohla z\u0159\u00edtit na d\u00edt\u011b z\u00a0velk\u00e9 v\u00fd\u0161ky. Z\u00a0bezpe\u010dnostn\u00edch d\u016fvod\u016f by proto m\u011bly b\u00fdt prosklen\u00e9 vitr\u00edny um\u00edst\u011bny v\u00a0n\u00e1bytkov\u00e9 st\u011bn\u011b alespo\u0148 50 cm od zem\u011b.Um\u00edst\u011bn\u00ed sedac\u00ed soupravy by m\u011blo b\u00fdt takov\u00e9, aby v\u0161ichni p\u0159\u00edtomn\u00ed mohli mezi seboukomunikovat. Tedy sedac\u00ed soupravu a k\u0159esla proti sob\u011b, anebo do p\u00edsmene U, p\u0159\u00edpadn\u011b L. Rozhodn\u011b by dominantn\u00ed roli nem\u011bla hr\u00e1t televize.Pokud pl\u00e1nujete v\u00a0ob\u00fdvac\u00edm pokoji vystav\u011bt krb, co\u017e je teoreticky mo\u017en\u00e9 i v\u00a0mal\u00fdch bytech s\u00a0kom\u00ednov\u00fdm pr\u016fduchem na odvod spalin, pamatujte na to, \u017ee plocha takov\u00e9 m\u00edstnosti mus\u00ed b\u00fdt v\u011bt\u0161\u00ed ne\u017e 12 \u010dtvere\u010dn\u00edch metr\u016f, tedy nap\u0159. v\u00edce, ne\u017e je p\u016fdorys 4 x 3 metry. Nejmen\u0161\u00ed vzd\u00e1lenost p\u0159edm\u011bt\u016f od krbu mus\u00ed b\u00fdt alespo\u0148 70 \u2013 80 cm. Plat\u00ed to o ve\u0161ker\u00fdch druz\u00edch n\u00e1bytku a dekorativn\u00edch p\u0159edm\u011bt\u016f, zvl\u00e1\u0161t\u011b pak z\u00a0ho\u0159lav\u00e9ho materi\u00e1lu.\u00a0                                                                                                                                                                                                                                                                                                                                                                                        4.1\/5 - (8 votes)        "},{"@context":"https:\/\/schema.org\/","@type":"BreadcrumbList","itemListElement":[{"@type":"ListItem","position":1,"name":"Jak si poradit v mal\u00e9m byt\u011b","item":"https:\/\/www.theitem.cz\/jak-si-poradit-v-malem-byte\/#breadcrumbitem"}]}]