[{"@context":"https:\/\/schema.org\/","@type":"Blog","@id":"https:\/\/www.theitem.cz#Blog","headline":"Theitem","description":"\nHled\u00e1te n\u011bjakou internetovou str\u00e1nku, kde spln\u00ed v\u0161e, co v\u00e1m na n\u00ed sl\u00edb\u00ed? Pak jste pr\u00e1v\u011b na t\u00e9 na\u0161\u00ed na t\u00e9 mo\u017en\u00e1 naprosto nejspr\u00e1vn\u011bj\u0161\u00ed adrese.","url":"https:\/\/www.theitem.cz","hasPart":[{"@type":"Article","@id":"https:\/\/www.theitem.cz\/o-zasadach-pece-o-ustni-dutinu\/","headline":"O z\u00e1sad\u00e1ch p\u00e9\u010de o \u00fastn\u00ed dutinu","url":"https:\/\/www.theitem.cz\/o-zasadach-pece-o-ustni-dutinu\/","datePublished":"2025-11-02","dateModified":"2025-11-02","mainEntityOfPage":"https:\/\/www.theitem.cz\/o-zasadach-pece-o-ustni-dutinu\/","author":{"@type":"Person","@id":"https:\/\/www.theitem.cz\/author\/#Person","name":"","url":"https:\/\/www.theitem.cz\/author\/","identifier":1,"image":{"@type":"ImageObject","@id":"https:\/\/secure.gravatar.com\/avatar\/a231d13c7dfc9c75f2343f864438f5ab9c0bfebd1aa37dfd3bb16118c04f838c?s=96&d=mm&r=g","url":"https:\/\/secure.gravatar.com\/avatar\/a231d13c7dfc9c75f2343f864438f5ab9c0bfebd1aa37dfd3bb16118c04f838c?s=96&d=mm&r=g","height":96,"width":96}},"publisher":{"@type":"Organization","name":"theitem.cz","logo":{"@type":"ImageObject","@id":"\/logo.png","url":"\/logo.png","width":600,"height":60}},"image":{"@type":"ImageObject","@id":"https:\/\/www.theitem.cz\/wp-content\/uploads\/teeth-5522650_640_4.jpg","url":"https:\/\/www.theitem.cz\/wp-content\/uploads\/teeth-5522650_640_4.jpg","height":0,"width":0},"wordCount":546,"keywords":null},{"@type":"Article","@id":"https:\/\/www.theitem.cz\/covid-neskoncil\/","headline":"Covid neskon\u010dil","url":"https:\/\/www.theitem.cz\/covid-neskoncil\/","datePublished":"2025-10-12","dateModified":"2025-10-12","mainEntityOfPage":"https:\/\/www.theitem.cz\/covid-neskoncil\/","author":{"@type":"Person","@id":"https:\/\/www.theitem.cz\/author\/#Person","name":"","url":"https:\/\/www.theitem.cz\/author\/","identifier":1,"image":{"@type":"ImageObject","@id":"https:\/\/secure.gravatar.com\/avatar\/a231d13c7dfc9c75f2343f864438f5ab9c0bfebd1aa37dfd3bb16118c04f838c?s=96&d=mm&r=g","url":"https:\/\/secure.gravatar.com\/avatar\/a231d13c7dfc9c75f2343f864438f5ab9c0bfebd1aa37dfd3bb16118c04f838c?s=96&d=mm&r=g","height":96,"width":96}},"publisher":{"@type":"Organization","name":"theitem.cz","logo":{"@type":"ImageObject","@id":"\/logo.png","url":"\/logo.png","width":600,"height":60}},"image":{"@type":"ImageObject","@id":"https:\/\/www.theitem.cz\/wp-content\/uploads\/cccc_1.png","url":"https:\/\/www.theitem.cz\/wp-content\/uploads\/cccc_1.png","height":0,"width":0},"wordCount":599,"keywords":null},{"@type":"Article","@id":"https:\/\/www.theitem.cz\/efektivni-podnikani-s-nami-to-neni-zadny-problem\/","headline":"Efektivn\u00ed podnik\u00e1n\u00ed? S n\u00e1mi to nen\u00ed \u017e\u00e1dn\u00fd probl\u00e9m!","url":"https:\/\/www.theitem.cz\/efektivni-podnikani-s-nami-to-neni-zadny-problem\/","datePublished":"2025-08-31","dateModified":"2025-08-31","mainEntityOfPage":"https:\/\/www.theitem.cz\/efektivni-podnikani-s-nami-to-neni-zadny-problem\/","author":{"@type":"Person","@id":"https:\/\/www.theitem.cz\/author\/#Person","name":"","url":"https:\/\/www.theitem.cz\/author\/","identifier":1,"image":{"@type":"ImageObject","@id":"https:\/\/secure.gravatar.com\/avatar\/a231d13c7dfc9c75f2343f864438f5ab9c0bfebd1aa37dfd3bb16118c04f838c?s=96&d=mm&r=g","url":"https:\/\/secure.gravatar.com\/avatar\/a231d13c7dfc9c75f2343f864438f5ab9c0bfebd1aa37dfd3bb16118c04f838c?s=96&d=mm&r=g","height":96,"width":96}},"publisher":{"@type":"Organization","name":"theitem.cz","logo":{"@type":"ImageObject","@id":"\/logo.png","url":"\/logo.png","width":600,"height":60}},"image":null,"wordCount":225,"keywords":null},{"@type":"Article","@id":"https:\/\/www.theitem.cz\/bydlet-jiz-v-zime\/","headline":"Bydlet ji\u017e v zim\u011b","url":"https:\/\/www.theitem.cz\/bydlet-jiz-v-zime\/","datePublished":"2025-08-25","dateModified":"2025-08-25","mainEntityOfPage":"https:\/\/www.theitem.cz\/bydlet-jiz-v-zime\/","author":{"@type":"Person","@id":"https:\/\/www.theitem.cz\/author\/#Person","name":"","url":"https:\/\/www.theitem.cz\/author\/","identifier":1,"image":{"@type":"ImageObject","@id":"https:\/\/secure.gravatar.com\/avatar\/a231d13c7dfc9c75f2343f864438f5ab9c0bfebd1aa37dfd3bb16118c04f838c?s=96&d=mm&r=g","url":"https:\/\/secure.gravatar.com\/avatar\/a231d13c7dfc9c75f2343f864438f5ab9c0bfebd1aa37dfd3bb16118c04f838c?s=96&d=mm&r=g","height":96,"width":96}},"publisher":{"@type":"Organization","name":"theitem.cz","logo":{"@type":"ImageObject","@id":"\/logo.png","url":"\/logo.png","width":600,"height":60}},"image":null,"wordCount":210,"keywords":null},{"@type":"Article","@id":"https:\/\/www.theitem.cz\/odliste-sve-zamestnance\/","headline":"Odli\u0161te sv\u00e9 zam\u011bstnance","url":"https:\/\/www.theitem.cz\/odliste-sve-zamestnance\/","datePublished":"2025-08-19","dateModified":"2025-08-19","mainEntityOfPage":"https:\/\/www.theitem.cz\/odliste-sve-zamestnance\/","author":{"@type":"Person","@id":"https:\/\/www.theitem.cz\/author\/#Person","name":"","url":"https:\/\/www.theitem.cz\/author\/","identifier":1,"image":{"@type":"ImageObject","@id":"https:\/\/secure.gravatar.com\/avatar\/a231d13c7dfc9c75f2343f864438f5ab9c0bfebd1aa37dfd3bb16118c04f838c?s=96&d=mm&r=g","url":"https:\/\/secure.gravatar.com\/avatar\/a231d13c7dfc9c75f2343f864438f5ab9c0bfebd1aa37dfd3bb16118c04f838c?s=96&d=mm&r=g","height":96,"width":96}},"publisher":{"@type":"Organization","name":"theitem.cz","logo":{"@type":"ImageObject","@id":"\/logo.png","url":"\/logo.png","width":600,"height":60}},"image":null,"wordCount":201,"keywords":null},{"@type":"Article","@id":"https:\/\/www.theitem.cz\/nezapomenutelne-narozeniny-vaseho-ditete\/","headline":"Nezapomenuteln\u00e9 narozeniny va\u0161eho d\u00edt\u011bte","url":"https:\/\/www.theitem.cz\/nezapomenutelne-narozeniny-vaseho-ditete\/","datePublished":"2025-08-14","dateModified":"2025-08-14","mainEntityOfPage":"https:\/\/www.theitem.cz\/nezapomenutelne-narozeniny-vaseho-ditete\/","author":{"@type":"Person","@id":"https:\/\/www.theitem.cz\/author\/#Person","name":"","url":"https:\/\/www.theitem.cz\/author\/","identifier":1,"image":{"@type":"ImageObject","@id":"https:\/\/secure.gravatar.com\/avatar\/a231d13c7dfc9c75f2343f864438f5ab9c0bfebd1aa37dfd3bb16118c04f838c?s=96&d=mm&r=g","url":"https:\/\/secure.gravatar.com\/avatar\/a231d13c7dfc9c75f2343f864438f5ab9c0bfebd1aa37dfd3bb16118c04f838c?s=96&d=mm&r=g","height":96,"width":96}},"publisher":{"@type":"Organization","name":"theitem.cz","logo":{"@type":"ImageObject","@id":"\/logo.png","url":"\/logo.png","width":600,"height":60}},"image":{"@type":"ImageObject","@id":"https:\/\/www.theitem.cz\/wp-content\/uploads\/party-681660_640.jpg","url":"https:\/\/www.theitem.cz\/wp-content\/uploads\/party-681660_640.jpg","height":0,"width":0},"wordCount":553,"keywords":null},{"@type":"Article","@id":"https:\/\/www.theitem.cz\/spravna-volba\/","headline":"Spr\u00e1vn\u00e1 volba","url":"https:\/\/www.theitem.cz\/spravna-volba\/","datePublished":"2025-08-13","dateModified":"2025-08-13","mainEntityOfPage":"https:\/\/www.theitem.cz\/spravna-volba\/","author":{"@type":"Person","@id":"https:\/\/www.theitem.cz\/author\/#Person","name":"","url":"https:\/\/www.theitem.cz\/author\/","identifier":1,"image":{"@type":"ImageObject","@id":"https:\/\/secure.gravatar.com\/avatar\/a231d13c7dfc9c75f2343f864438f5ab9c0bfebd1aa37dfd3bb16118c04f838c?s=96&d=mm&r=g","url":"https:\/\/secure.gravatar.com\/avatar\/a231d13c7dfc9c75f2343f864438f5ab9c0bfebd1aa37dfd3bb16118c04f838c?s=96&d=mm&r=g","height":96,"width":96}},"publisher":{"@type":"Organization","name":"theitem.cz","logo":{"@type":"ImageObject","@id":"\/logo.png","url":"\/logo.png","width":600,"height":60}},"image":null,"wordCount":208,"keywords":null},{"@type":"Article","@id":"https:\/\/www.theitem.cz\/reference\/","headline":"Reference","url":"https:\/\/www.theitem.cz\/reference\/","datePublished":"2025-08-10","dateModified":"2025-08-10","mainEntityOfPage":"https:\/\/www.theitem.cz\/reference\/","author":{"@type":"Person","@id":"https:\/\/www.theitem.cz\/author\/#Person","name":"","url":"https:\/\/www.theitem.cz\/author\/","identifier":1,"image":{"@type":"ImageObject","@id":"https:\/\/secure.gravatar.com\/avatar\/a231d13c7dfc9c75f2343f864438f5ab9c0bfebd1aa37dfd3bb16118c04f838c?s=96&d=mm&r=g","url":"https:\/\/secure.gravatar.com\/avatar\/a231d13c7dfc9c75f2343f864438f5ab9c0bfebd1aa37dfd3bb16118c04f838c?s=96&d=mm&r=g","height":96,"width":96}},"publisher":{"@type":"Organization","name":"theitem.cz","logo":{"@type":"ImageObject","@id":"\/logo.png","url":"\/logo.png","width":600,"height":60}},"image":null,"wordCount":260,"keywords":null},{"@type":"Article","@id":"https:\/\/www.theitem.cz\/dech-berouci-poteseni\/","headline":"Dech berouc\u00ed pot\u011b\u0161en\u00ed","url":"https:\/\/www.theitem.cz\/dech-berouci-poteseni\/","datePublished":"2025-07-31","dateModified":"2025-07-31","mainEntityOfPage":"https:\/\/www.theitem.cz\/dech-berouci-poteseni\/","author":{"@type":"Person","@id":"https:\/\/www.theitem.cz\/author\/#Person","name":"","url":"https:\/\/www.theitem.cz\/author\/","identifier":1,"image":{"@type":"ImageObject","@id":"https:\/\/secure.gravatar.com\/avatar\/a231d13c7dfc9c75f2343f864438f5ab9c0bfebd1aa37dfd3bb16118c04f838c?s=96&d=mm&r=g","url":"https:\/\/secure.gravatar.com\/avatar\/a231d13c7dfc9c75f2343f864438f5ab9c0bfebd1aa37dfd3bb16118c04f838c?s=96&d=mm&r=g","height":96,"width":96}},"publisher":{"@type":"Organization","name":"theitem.cz","logo":{"@type":"ImageObject","@id":"\/logo.png","url":"\/logo.png","width":600,"height":60}},"image":null,"wordCount":275,"keywords":null},{"@type":"Article","@id":"https:\/\/www.theitem.cz\/mikiny-s-reklamou\/","headline":"Mikiny s reklamou","url":"https:\/\/www.theitem.cz\/mikiny-s-reklamou\/","datePublished":"2025-07-28","dateModified":"2025-07-28","mainEntityOfPage":"https:\/\/www.theitem.cz\/mikiny-s-reklamou\/","author":{"@type":"Person","@id":"https:\/\/www.theitem.cz\/author\/#Person","name":"","url":"https:\/\/www.theitem.cz\/author\/","identifier":1,"image":{"@type":"ImageObject","@id":"https:\/\/secure.gravatar.com\/avatar\/a231d13c7dfc9c75f2343f864438f5ab9c0bfebd1aa37dfd3bb16118c04f838c?s=96&d=mm&r=g","url":"https:\/\/secure.gravatar.com\/avatar\/a231d13c7dfc9c75f2343f864438f5ab9c0bfebd1aa37dfd3bb16118c04f838c?s=96&d=mm&r=g","height":96,"width":96}},"publisher":{"@type":"Organization","name":"theitem.cz","logo":{"@type":"ImageObject","@id":"\/logo.png","url":"\/logo.png","width":600,"height":60}},"image":{"@type":"ImageObject","@id":"https:\/\/www.theitem.cz\/wp-content\/uploads\/people-2592299_640_1.jpg","url":"https:\/\/www.theitem.cz\/wp-content\/uploads\/people-2592299_640_1.jpg","height":0,"width":0},"wordCount":514,"keywords":null}]},{"@context":"https:\/\/schema.org","@type":"WebSite","@id":"https:\/\/www.theitem.cz\/#website","name":"Theitem","url":"https:\/\/www.theitem.cz","potentialAction":{"@type":"SearchAction","target":"https:\/\/www.theitem.cz\/?s={search_term_string}","query-input":"required name=search_term_string"}}]